{"id":1644,"date":"2022-05-10T12:33:37","date_gmt":"2022-05-10T12:33:37","guid":{"rendered":"https:\/\/www.sindacatogeneralediclasse.it\/?p=1644"},"modified":"2022-05-10T12:33:37","modified_gmt":"2022-05-10T12:33:37","slug":"il-governo-vuole-la-guerra-noi-no","status":"publish","type":"post","link":"https:\/\/www.sindacatogeneralediclasse.it\/?p=1644","title":{"rendered":"IL GOVERNO VUOLE LA GUERRA NOI NO!"},"content":{"rendered":"\n<p class=\"wp-block-paragraph\">In continuit\u00e0 con lo sciopero del 22 Aprile 2022,&#8230;<\/p>\n\n\n\n<p class=\"wp-block-paragraph\"> Il governo tradisce la Costituzione contro il volere degli italiani, invia armi in Ucraina, aumenta le spese militari e taglia le spese per servizi pubblici, sanit\u00e0, scuola, trasporti ecc\u2026<\/p>\n\n\n\n<p class=\"wp-block-paragraph\">Impone un meccanismo che ha triplicato il costo del GAS senza che sia aumentato il costo della fornitura.Aumentano fortemente benzina, Enel e generi alimentari di prima necessit\u00e0, con una perdita del valore dei salari di circa 800 euro annui (7% al mese) e il governo vara un provvedimento umiliante una tantutm di appena 200 euro per lavoratori e pensionati.Il governo attiva la strategia gi\u00e0 sperimentata con la pandemia, censura chi si oppone, limita il diritto di opinione, di sciopero, di informazione. <\/p>\n\n\n\n<p class=\"wp-block-paragraph\">Trasforma il 25 Aprile (giorno di commemorazione della liberazione del popolo italiano dal nazifascismo) in elogio alla NATO: organizzazione militare responsabile di guerre che hanno prodotto distruzione morte e profughi in molti Paesi. <\/p>\n\n\n\n<p class=\"wp-block-paragraph\">Tutte le guerre producono profughi che dal governo italiano vengono trattatati con due pesi e due misure. La nostra solidariet\u00e0 va a tutti i popoli oppressi.Il nemico \u00e8 in casa nostra: \u00e8 questo governo e i suoi sostenitori.Fuori dall\u2019Italia le bombe atomiche della NATO, fuori l\u2019Italia dalla NATO.<\/p>\n\n\n\n<p class=\"wp-block-paragraph\">Questo governo ci ha trascinato in una guerra con conseguenze che gi\u00e0 pagano e pagheranno pesantemente lavoratori e ceti popolari, fermiamolo prima che sia troppo tardi.<\/p>\n\n\n\n<h2 class=\"has-text-align-center wp-block-heading\">Per questo il 20 Maggio 2022<\/h2>\n\n\n\n<h2 class=\"has-text-align-center wp-block-heading\">  SCIOPERO GENERALE <\/h2>\n\n\n\n<p class=\"has-text-align-center wp-block-paragraph\">SCIOPERIAMO e scendiamo in piazza in concomitanza con tutto il sindacalismo di base.-<\/p>\n\n\n\n<ul class=\"wp-block-list\"><li><strong>Contro la guerra e chi la sostiene.<\/strong><\/li><li><strong>-Per il rispetto dell\u2019art. 11 della Costituzione italiana.<\/strong><\/li><li><strong>-Contro l\u2019aumento di spese militari e l\u2019invio di armi.<\/strong><\/li><li><strong>-Contro gli aumenti di benzina, gas, ENEL e generi di prima necessit\u00e0.<\/strong><\/li><li><strong>-Per dire basta morti sul e per il lavoro, la devastazione di interi territori e l\u2019inquinamento di sostanze tossiche.<\/strong><\/li><li><strong>&#8211; Per una vera trasformazione energetica con fonti rinnovabili.-Per l\u2019aumento dei salari e la tutela del lavoro.<\/strong><\/li><li><strong>-Per la democrazia dentro e fuori i luoghi di lavoro.<\/strong><\/li><\/ul>\n\n\n\n<p class=\"wp-block-paragraph\"><a href=\"https:\/\/www.facebook.com\/SGC-Sindacato-Generale-di-Classe-105523852115804\/\">SGC &#8211; Sindacato Generale di Classe<\/a>, <a href=\"https:\/\/www.facebook.com\/AL-Cobas-257340237610055\/\">AL-Cobas<\/a>, <\/p>\n\n\n\n<p class=\"wp-block-paragraph\"><a href=\"https:\/\/www.facebook.com\/LMO-Lavoratori-Metalmeccanici-Organizzati-Nazionale-234222793838332\/\" data-type=\"URL\" data-id=\"https:\/\/www.facebook.com\/LMO-Lavoratori-Metalmeccanici-Organizzati-Nazionale-234222793838332\/\">LMO Nazionale<\/a>, <\/p>\n\n\n\n<p class=\"wp-block-paragraph\"><a href=\"https:\/\/www.facebook.com\/slaiprolcobas\/\">SLAI PROL Cobas<\/a>, <\/p>\n\n\n\n<p class=\"wp-block-paragraph\"><a href=\"https:\/\/www.facebook.com\/federazione.autisti.operai\/\">Federazione Autisti Operai<\/a>, <\/p>\n\n\n\n<p class=\"wp-block-paragraph\"><a href=\"https:\/\/www.facebook.com\/CUB-Pubblico-Impiego-1496648857047721\/\">CUB Pubblico Impiego<\/a> <\/p>\n\n\n\n<p class=\"wp-block-paragraph\"><a href=\"https:\/\/www.facebook.com\/soaoperaiautorganizzati\">SOA Sindacato Degli Operai Autorganizzati<\/a><\/p>\n","protected":false},"excerpt":{"rendered":"<p>In continuit\u00e0 con lo sciopero del 22 Aprile 2022,&#8230; Il governo tradisce la Costituzione contro il volere degli italiani, invia armi in Ucraina, aumenta le spese militari e taglia le spese per servizi pubblici, sanit\u00e0, scuola, trasporti ecc\u2026 Impone un meccanismo che ha triplicato il costo del GAS senza che sia aumentato il costo della [&hellip;]<\/p>\n","protected":false},"author":1,"featured_media":1645,"comment_status":"open","ping_status":"open","sticky":false,"template":"","format":"standard","meta":{"footnotes":""},"categories":[22,43],"tags":[],"class_list":["post-1644","post","type-post","status-publish","format-standard","has-post-thumbnail","hentry","category-la-lsgc","category-lotte-operaie"],"_links":{"self":[{"href":"https:\/\/www.sindacatogeneralediclasse.it\/index.php?rest_route=\/wp\/v2\/posts\/1644","targetHints":{"allow":["GET"]}}],"collection":[{"href":"https:\/\/www.sindacatogeneralediclasse.it\/index.php?rest_route=\/wp\/v2\/posts"}],"about":[{"href":"https:\/\/www.sindacatogeneralediclasse.it\/index.php?rest_route=\/wp\/v2\/types\/post"}],"author":[{"embeddable":true,"href":"https:\/\/www.sindacatogeneralediclasse.it\/index.php?rest_route=\/wp\/v2\/users\/1"}],"replies":[{"embeddable":true,"href":"https:\/\/www.sindacatogeneralediclasse.it\/index.php?rest_route=%2Fwp%2Fv2%2Fcomments&post=1644"}],"version-history":[{"count":1,"href":"https:\/\/www.sindacatogeneralediclasse.it\/index.php?rest_route=\/wp\/v2\/posts\/1644\/revisions"}],"predecessor-version":[{"id":1646,"href":"https:\/\/www.sindacatogeneralediclasse.it\/index.php?rest_route=\/wp\/v2\/posts\/1644\/revisions\/1646"}],"wp:featuredmedia":[{"embeddable":true,"href":"https:\/\/www.sindacatogeneralediclasse.it\/index.php?rest_route=\/wp\/v2\/media\/1645"}],"wp:attachment":[{"href":"https:\/\/www.sindacatogeneralediclasse.it\/index.php?rest_route=%2Fwp%2Fv2%2Fmedia&parent=1644"}],"wp:term":[{"taxonomy":"category","embeddable":true,"href":"https:\/\/www.sindacatogeneralediclasse.it\/index.php?rest_route=%2Fwp%2Fv2%2Fcategories&post=1644"},{"taxonomy":"post_tag","embeddable":true,"href":"https:\/\/www.sindacatogeneralediclasse.it\/index.php?rest_route=%2Fwp%2Fv2%2Ftags&post=1644"}],"curies":[{"name":"wp","href":"https:\/\/api.w.org\/{rel}","templated":true}]}}