{"id":1690,"date":"2022-06-17T22:49:44","date_gmt":"2022-06-17T22:49:44","guid":{"rendered":"https:\/\/www.sindacatogeneralediclasse.it\/?p=1690"},"modified":"2022-06-17T22:49:44","modified_gmt":"2022-06-17T22:49:44","slug":"i-tranvieri-atm-e-net-scioperano","status":"publish","type":"post","link":"https:\/\/www.sindacatogeneralediclasse.it\/?p=1690","title":{"rendered":"I TRANVIERI ATM e NET SCIOPERANO&#8230;"},"content":{"rendered":"\n<p class=\"wp-block-paragraph\">Come AL Cobas abbiamo aperto un nuovo stato d&#8217;agitazione in ATM.<br>I punti qualificanti della nostra piattaforma sono:<\/p>\n\n\n\n<p class=\"wp-block-paragraph\">\ud83d\udd34NO alle gare d&#8217;appalto!<br>\ud83d\udd34150\u20ac netti d&#8217;aumento al mese del salario aziendale in egual misura a tutti i lavoratori fino al parametro 193, slegati dalla produttivit\u00e0, a risarcimento dei mancati rinnovi contrattuali, degli irrisori aumenti salariali e delle una tantum. Dirigenti, funzionari e quadri sono costantemente impegnati contro i lavoratori, ma i loro aumenti contrattuali sono pi\u00f9 cospicui di chi lavora, si sacrifica e rischia perch\u00e9 costretto ad assumersi responsabilit\u00e0 non sue. La scala parametrale deve essere ribaltata!<br>\ud83d\udd34Adeguamento alle sentenze (e direttiva CE 2003\/88 e Suprema Corte 13425\/2019), per il pagamento legale delle giornate di ferie godute e\/o risarcite e conseguente pagamento del pregresso. Su una sentenza che stabilisce qual \u00e8 la legalit\u00e0 non \u00e8 accettabile alcuna trattativa al ribasso come hanno fatto con il CCNL.<br>\ud83d\udd34Diritto certo alla fruizione delle ferie per il personale viaggiante. Programmazione e assegnazione delle ferie 120 giorni prima del periodo richiesto. Solo chi guadagna come un ispettore pu\u00f2 permettersi di prenotare, aerei, treni e vacanze all&#8217;ultimo minuto.<br>\ud83d\udd34Basta ai comportamenti lesivi, discriminatori, intimidatori da parte di alcuni dirigenti di deposito (c.d. Ispettori e vice) nei confronti dei lavoratori giovani, anziani e fruitori del diritto a permessi parentali anche per l&#8217;assistenza a familiari disabili..<br>\ud83d\udd34Basta ai limiti dei cambi turno. Basta e alle &#8220;concessioni privilegiate&#8221; ad alcuni lavoratori e a chi fa mezzo orario.<br>\ud83d\udd34Basta alla mancanza di considerazione e rispetto, viste le condizioni oggettive dei conducenti &#8220;anziani&#8221; anche nell&#8217;attribuzione dei turni da &#8220;disponibile&#8221; e inoltre, chiediamo il risarcimento dei periodi persi di &#8220;plurimasione&#8221; che durante l&#8217;emergenza covid sono stati sub-appaltati. per il mancato recupero psico-fisico.<br>\ud83d\udd34Basta allo sfruttamento dei neo assunti! Trasformazione immediata di tutti contratti part-time in full-time ai conducenti che ne fanno richiesta; seri piani aziendali d&#8217;assunzione aumentando parametro e stipendio dei nuovi assunti che permettano loro di vivere senza essere ricattati e sobbarcati di lavoro straordinario.<\/p>\n\n\n\n<p class=\"wp-block-paragraph\">Se \u00e8 vero che la sicurezza dei lavoratori pi\u00f9 esposti ad atti aggressivi \u00e8 tema di ordine pubblico, quindi, non di competenza ATM, la sua immobilit\u00e0 a tutelare il proprio personale con sistemi di protezione passivi e la totale mancanza di controlli sulle vetture \u00e8 gravemente colpevole. Cos\u00ec come lo \u00e8 la loro mentalit\u00e0 in cui, per loro, &#8220;il tranviere se le va a cercare&#8221;. Vogliamo urgentemente la riattivazione del distanziamento tra conducenti e utenti, l&#8217;inibizione della porta anteriore, la &#8220;blindatura&#8221; del posto guida, delle cabine A.S. ecc\u2026 La pulizia, l&#8217;igienizzazione e la sanificazione delle vetture e degli ambienti ATM \u00e8 cosa troppo seria per essere lasciata nelle mani della speculazione di appalti e sub-appalti. La stessa cosa vale per la fornitura del vestiario.<\/p>\n\n\n\n<p class=\"wp-block-paragraph\">Chiediamo il sostegno e l\u2019intervento di tutti e tutte. Chiunque voglia raggiungere il presidio per dare manforte a questa lotta \u00e8 ben accetto.<br>AL-Cobas Atm Milano<\/p>\n\n\n\n<p class=\"wp-block-paragraph\">PRESIDIO MILANO, DAVANTI AL DEPOSITO in Viale SARCA DALLE 5.00 alle 14.30!<\/p>\n","protected":false},"excerpt":{"rendered":"<p>Come AL Cobas abbiamo aperto un nuovo stato d&#8217;agitazione in ATM.I punti qualificanti della nostra piattaforma sono: \ud83d\udd34NO alle gare d&#8217;appalto!\ud83d\udd34150\u20ac netti d&#8217;aumento al mese del salario aziendale in egual misura a tutti i lavoratori fino al parametro 193, slegati dalla produttivit\u00e0, a risarcimento dei mancati rinnovi contrattuali, degli irrisori aumenti salariali e delle una [&hellip;]<\/p>\n","protected":false},"author":1,"featured_media":1691,"comment_status":"closed","ping_status":"closed","sticky":false,"template":"","format":"standard","meta":{"footnotes":""},"categories":[11],"tags":[],"class_list":["post-1690","post","type-post","status-publish","format-standard","has-post-thumbnail","hentry","category-trasporti"],"_links":{"self":[{"href":"https:\/\/www.sindacatogeneralediclasse.it\/index.php?rest_route=\/wp\/v2\/posts\/1690","targetHints":{"allow":["GET"]}}],"collection":[{"href":"https:\/\/www.sindacatogeneralediclasse.it\/index.php?rest_route=\/wp\/v2\/posts"}],"about":[{"href":"https:\/\/www.sindacatogeneralediclasse.it\/index.php?rest_route=\/wp\/v2\/types\/post"}],"author":[{"embeddable":true,"href":"https:\/\/www.sindacatogeneralediclasse.it\/index.php?rest_route=\/wp\/v2\/users\/1"}],"replies":[{"embeddable":true,"href":"https:\/\/www.sindacatogeneralediclasse.it\/index.php?rest_route=%2Fwp%2Fv2%2Fcomments&post=1690"}],"version-history":[{"count":1,"href":"https:\/\/www.sindacatogeneralediclasse.it\/index.php?rest_route=\/wp\/v2\/posts\/1690\/revisions"}],"predecessor-version":[{"id":1692,"href":"https:\/\/www.sindacatogeneralediclasse.it\/index.php?rest_route=\/wp\/v2\/posts\/1690\/revisions\/1692"}],"wp:featuredmedia":[{"embeddable":true,"href":"https:\/\/www.sindacatogeneralediclasse.it\/index.php?rest_route=\/wp\/v2\/media\/1691"}],"wp:attachment":[{"href":"https:\/\/www.sindacatogeneralediclasse.it\/index.php?rest_route=%2Fwp%2Fv2%2Fmedia&parent=1690"}],"wp:term":[{"taxonomy":"category","embeddable":true,"href":"https:\/\/www.sindacatogeneralediclasse.it\/index.php?rest_route=%2Fwp%2Fv2%2Fcategories&post=1690"},{"taxonomy":"post_tag","embeddable":true,"href":"https:\/\/www.sindacatogeneralediclasse.it\/index.php?rest_route=%2Fwp%2Fv2%2Ftags&post=1690"}],"curies":[{"name":"wp","href":"https:\/\/api.w.org\/{rel}","templated":true}]}}