{"id":2289,"date":"2024-01-20T08:40:11","date_gmt":"2024-01-20T08:40:11","guid":{"rendered":"https:\/\/www.sindacatogeneralediclasse.it\/?p=2289"},"modified":"2024-01-20T08:40:11","modified_gmt":"2024-01-20T08:40:11","slug":"in-nome-del-profitto-si-continua-ad-uccidere","status":"publish","type":"post","link":"https:\/\/www.sindacatogeneralediclasse.it\/?p=2289","title":{"rendered":"In nome del profitto si continua ad uccidere&#8230;."},"content":{"rendered":"\n<p class=\"wp-block-paragraph\">Come prendere per i fondelli un\u2019intero territorio in 35 righe. Le loro \u201csoluzioni temporanee\u201d le conosciamo bene.<\/p>\n\n\n\n<p class=\"wp-block-paragraph\">I 320 milioni a \u201ccondizioni di mercato\u201d, rappresentano la sintesi di tutto ci\u00f2 che orbita attorno alla vicenda ILVA (perch\u00e9 ricordiamo che \u00e9 il mercato quello che comanda).<\/p>\n\n\n\n<p class=\"wp-block-paragraph\">E loro vogliono davvero farci credere che spunter\u00e0 di punto in bianco un nuovo investitore pronto ad accollarsi non solo i miliardi che servono per la riconversione e la decarbonizzazione (che ipoteticamente, nel caso dell\u2019Ilva significherebbe radere al suolo tutto e ricostruire quasi da 0) ma anche la responsabilit\u00e0 degli esuberi che altrimenti toccherebbero allo Stato?<\/p>\n\n\n\n<p class=\"wp-block-paragraph\">A proposito della decarbonizzazione ribadiamo 3 punti fondamentali:<\/p>\n\n\n\n<p class=\"wp-block-paragraph\">1- la decarbonizzazione su quegli impianti allo stato attuale \u00e9 IMPOSSIBILE.<\/p>\n\n\n\n<p class=\"wp-block-paragraph\">E i sindacati firmatari, che sanno benissimo che la decarbonizzazione \u00e9 inattuabile, a proposito di tutto questo, cosa rispondono?<\/p>\n\n\n\n<p class=\"wp-block-paragraph\">2- Davvero si pensa che con la sentenza della corte europea che si pronuncer\u00e0 ad Aprile potrebbe esserci ora qualche investitore davvero interessato?<\/p>\n\n\n\n<p class=\"wp-block-paragraph\">3- Chi oggi parla di decarbonizzazione come un processo davvero attuabile (come Legambiente) fa semplicemente campagna elettorale all\u2019Unione Europea e alla sua stramba idea di \u201cgreen economy\u201d.<\/p>\n\n\n\n<p class=\"wp-block-paragraph\">In questo ultimo periodo i tavoli istituzionali hanno portato solo rinvii e sceneggiate. per loro non esiste il rispetto per la Salute per cittadini e lavoratori. Operai che rischiano tutto all&#8217;interno dello stabilimento.<\/p>\n\n\n\n<p class=\"wp-block-paragraph\">Noi continuiamo il nostro percorso con le Associazioni di Taranto, in preparazione della prossima assemblea cittadina per portare cittadini e lavoratori uniti per l&#8217;unica strada davvero percorribile, difendendo la Salute e pretendendo un posto di lavoro dignitoso.<\/p>\n\n\n\n<p class=\"wp-block-paragraph\">-apertura amianto.<\/p>\n\n\n\n<p class=\"wp-block-paragraph\">-prepensionamento.<\/p>\n\n\n\n<p class=\"wp-block-paragraph\">-avviare un percorso di vere bonifiche.<\/p>\n\n\n\n<p class=\"wp-block-paragraph\">-risarcimento danni sulla base della sentenza vinta dai colleghi che si sono ammalati di Tumore e altre malattia per colpa di quegli impianti CRIMINALI da sostanze nocive e tossiche, presso la Corte Europea dei Diritti Umani (CEDU) il 5 maggio 2022.<\/p>\n\n\n\n<figure class=\"wp-block-image size-large\"><img loading=\"lazy\" decoding=\"async\" width=\"1024\" height=\"626\" src=\"https:\/\/www.sindacatogeneralediclasse.it\/wp-content\/uploads\/2024\/01\/accordo-Ilva-1024x626.jpg\" alt=\"\" class=\"wp-image-2290\" srcset=\"https:\/\/www.sindacatogeneralediclasse.it\/wp-content\/uploads\/2024\/01\/accordo-Ilva-1024x626.jpg 1024w, https:\/\/www.sindacatogeneralediclasse.it\/wp-content\/uploads\/2024\/01\/accordo-Ilva-300x183.jpg 300w, https:\/\/www.sindacatogeneralediclasse.it\/wp-content\/uploads\/2024\/01\/accordo-Ilva-768x469.jpg 768w, https:\/\/www.sindacatogeneralediclasse.it\/wp-content\/uploads\/2024\/01\/accordo-Ilva-1536x939.jpg 1536w, https:\/\/www.sindacatogeneralediclasse.it\/wp-content\/uploads\/2024\/01\/accordo-Ilva-2048x1251.jpg 2048w\" sizes=\"auto, (max-width: 1024px) 100vw, 1024px\" \/><\/figure>\n","protected":false},"excerpt":{"rendered":"<p>Come prendere per i fondelli un\u2019intero territorio in 35 righe. Le loro \u201csoluzioni temporanee\u201d le conosciamo bene. I 320 milioni a \u201ccondizioni di mercato\u201d, rappresentano la sintesi di tutto ci\u00f2 che orbita attorno alla vicenda ILVA (perch\u00e9 ricordiamo che \u00e9 il mercato quello che comanda). E loro vogliono davvero farci credere che spunter\u00e0 di punto [&hellip;]<\/p>\n","protected":false},"author":1,"featured_media":2291,"comment_status":"open","ping_status":"open","sticky":false,"template":"","format":"standard","meta":{"footnotes":""},"categories":[13],"tags":[],"class_list":["post-2289","post","type-post","status-publish","format-standard","has-post-thumbnail","hentry","category-ilva"],"_links":{"self":[{"href":"https:\/\/www.sindacatogeneralediclasse.it\/index.php?rest_route=\/wp\/v2\/posts\/2289","targetHints":{"allow":["GET"]}}],"collection":[{"href":"https:\/\/www.sindacatogeneralediclasse.it\/index.php?rest_route=\/wp\/v2\/posts"}],"about":[{"href":"https:\/\/www.sindacatogeneralediclasse.it\/index.php?rest_route=\/wp\/v2\/types\/post"}],"author":[{"embeddable":true,"href":"https:\/\/www.sindacatogeneralediclasse.it\/index.php?rest_route=\/wp\/v2\/users\/1"}],"replies":[{"embeddable":true,"href":"https:\/\/www.sindacatogeneralediclasse.it\/index.php?rest_route=%2Fwp%2Fv2%2Fcomments&post=2289"}],"version-history":[{"count":1,"href":"https:\/\/www.sindacatogeneralediclasse.it\/index.php?rest_route=\/wp\/v2\/posts\/2289\/revisions"}],"predecessor-version":[{"id":2292,"href":"https:\/\/www.sindacatogeneralediclasse.it\/index.php?rest_route=\/wp\/v2\/posts\/2289\/revisions\/2292"}],"wp:featuredmedia":[{"embeddable":true,"href":"https:\/\/www.sindacatogeneralediclasse.it\/index.php?rest_route=\/wp\/v2\/media\/2291"}],"wp:attachment":[{"href":"https:\/\/www.sindacatogeneralediclasse.it\/index.php?rest_route=%2Fwp%2Fv2%2Fmedia&parent=2289"}],"wp:term":[{"taxonomy":"category","embeddable":true,"href":"https:\/\/www.sindacatogeneralediclasse.it\/index.php?rest_route=%2Fwp%2Fv2%2Fcategories&post=2289"},{"taxonomy":"post_tag","embeddable":true,"href":"https:\/\/www.sindacatogeneralediclasse.it\/index.php?rest_route=%2Fwp%2Fv2%2Ftags&post=2289"}],"curies":[{"name":"wp","href":"https:\/\/api.w.org\/{rel}","templated":true}]}}