{"id":2322,"date":"2024-02-10T14:05:26","date_gmt":"2024-02-10T14:05:26","guid":{"rendered":"https:\/\/www.sindacatogeneralediclasse.it\/?p=2322"},"modified":"2024-02-10T19:44:32","modified_gmt":"2024-02-10T19:44:32","slug":"taranto-manifestazione-23-febbraio","status":"publish","type":"post","link":"https:\/\/www.sindacatogeneralediclasse.it\/?p=2322","title":{"rendered":"Taranto, MANIFESTAZIONE 23 Aprile"},"content":{"rendered":"\n<p class=\"wp-block-paragraph\">L\u2019assemblea pubblica del 16.01.2024, indetta dalle associazioni firmatarie di questo comunicato, si \u00e8 conclusa con la decisione di chiamare la citt\u00e0 di Taranto e la sua Provincia a far sentire la propria voce attraverso una grande manifestazione che si terr\u00e0 nel pomeriggio di marted\u00ec 23 Aprile e i cui dettagli saranno forniti nel corso degli prossimi giorni.<\/p>\n\n\n\n<p class=\"wp-block-paragraph\">In un clima di incertezza sul futuro dello stabilimento pi\u00f9 inquinante d\u2019Europa rivendichiamo il nostro sacrosanto diritto ad avere un futuro, perch\u00e9 se la fabbrica continuer\u00e0 ad esistere, rischieremo di non averlo affatto.<\/p>\n\n\n\n<p class=\"wp-block-paragraph\">Non vogliamo essere allarmisti, siamo realisti e concreti: sappiamo che una riconversione degli impianti usando gas, idrogeno o altre nuove tecnologie \u2013 prospettata dalla politica senza mai fornire piani e dati concreti \u2013 \u00e8 un&#8217;assurdit\u00e0, poich\u00e9 sappiamo benissimo (come lo sanno anche loro) che non solo non \u00e8 fattibile dal punto di vista tecnico, ma \u00e8 anche anti-economica.<\/p>\n\n\n\n<p class=\"wp-block-paragraph\">L\u2019ostinazione con cui politica, sindacati, Confindustria e Aigi continuano a perseverare in questa direzione \u00e8 deleteria, pericolosa ed infruttifera visto che gli ultimi anni non si \u00e8 riusciti a tutelare n\u00e9 il lavoro, n\u00e9 il reddito dei lavoratori, n\u00e9 la salute dei lavoratori e degli abitanti di Taranto e della sua provincia.<\/p>\n\n\n\n<p class=\"wp-block-paragraph\">Chi oggi vuole mantenere la produzione con la scusa di salvaguardare i lavoratori di una fabbrica non pi\u00f9 compatibile con la vita umana ed economicamente insolvente non pu\u00f2 pi\u00f9 dire di tutelare i lavoratori, il progresso economico ed il benessere del suo Territorio.<\/p>\n\n\n\n<p class=\"wp-block-paragraph\">Scenderemo in piazza per affermare che l\u2019unico futuro per Taranto e la Provincia \u00e8 senza acciaieria (che si chiami ILVA, Acciaierie d\u2019Italia, che produca 8 milioni di tonnellate, 11 o 3), per pretendere bonifiche serie realizzate dai lavoratori diretti e indiretti opportunatamente formati, una riconversione economica che parta dalle risorse naturali del nostro territorio ed una riconversione culturale e sociale che coinvolga tutti coloro che vivono e desiderano vivere il territorio, e che vogliono renderlo prospero e pi\u00f9 adatto alla vita.<\/p>\n\n\n\n<p class=\"wp-block-paragraph\">In questi mesi di preparazione la citt\u00e0 e la provincia, insieme agli ordini professionali, le associazioni di categoria, le scuole di ogni ordine e grado, le universit\u00e0, le associazioni dilettantistiche e cos\u00ec via saranno coinvolte in assemblee pubbliche ed incontri dedicati per scrivere insieme e condividere la piattaforma rivendicativa, *cos\u00ec da creare insieme una proposta concerta per il futuro. Chiunque voglia sostituire la monocultura dell&#8217;acciaio grazie allo sviluppo di agricoltura, logistica, innovazione, cultura e turismo \u00e8 invitato a partecipare.*<\/p>\n\n\n\n<p class=\"wp-block-paragraph\">Per trovare insieme la forza di lasciare alle spalle il dolore del passato, per creare tutti insieme un futuro sostenibile.<\/p>\n\n\n\n<p class=\"wp-block-paragraph\">Ci vediamo nelle strade e nelle piazze!<\/p>\n\n\n\n<p class=\"wp-block-paragraph\">Associazione Contaminazioni, Associazione Genitori tarantini,Associazione culturale Gruppo Taranto, Associazione Identit\u00e0 Borgo, Associazione Itaca, Associazione Le Stelle di Lorenzo, Associazione Lovely Taranto, Associazione Nazionale per la Tutela dell\u2019Ambiente, Associazione Nobilissima Taranto, Associazione NOI, Associazione PeaceLink, Associazione Progentes, Associazione SiAmo Taranto, Associazione TarantoLider, Comitato 16 Novembre, Comitato Cittadini e Lavoratori Liberi e Pensanti, Comitato Donne e Futuro per Taranto Libera, Comitato per il Parco Regionale del Mar Piccolo, Comitato per la Qualit\u00e0 della Vita, Comitato Quartiere Tamburi, Cooperativa Mitilicoltori Tarantini, SGC &#8211; Sindacato di classe, LMO &#8211; Lavoratori Metalmeccanici Organizzati, SOS Cittadinopuntoit, Gruppo Anche questa \u00e8 Taranto, Gruppo Taranto Fuori dal Web<\/p>\n","protected":false},"excerpt":{"rendered":"<p>L\u2019assemblea pubblica del 16.01.2024, indetta dalle associazioni firmatarie di questo comunicato, si \u00e8 conclusa con la decisione di chiamare la citt\u00e0 di Taranto e la sua Provincia a far sentire la propria voce attraverso una grande manifestazione che si terr\u00e0 nel pomeriggio di marted\u00ec 23 Aprile e i cui dettagli saranno forniti nel corso degli [&hellip;]<\/p>\n","protected":false},"author":1,"featured_media":2323,"comment_status":"open","ping_status":"open","sticky":false,"template":"","format":"standard","meta":{"footnotes":""},"categories":[13,10],"tags":[],"class_list":["post-2322","post","type-post","status-publish","format-standard","has-post-thumbnail","hentry","category-ilva","category-lmo"],"_links":{"self":[{"href":"https:\/\/www.sindacatogeneralediclasse.it\/index.php?rest_route=\/wp\/v2\/posts\/2322","targetHints":{"allow":["GET"]}}],"collection":[{"href":"https:\/\/www.sindacatogeneralediclasse.it\/index.php?rest_route=\/wp\/v2\/posts"}],"about":[{"href":"https:\/\/www.sindacatogeneralediclasse.it\/index.php?rest_route=\/wp\/v2\/types\/post"}],"author":[{"embeddable":true,"href":"https:\/\/www.sindacatogeneralediclasse.it\/index.php?rest_route=\/wp\/v2\/users\/1"}],"replies":[{"embeddable":true,"href":"https:\/\/www.sindacatogeneralediclasse.it\/index.php?rest_route=%2Fwp%2Fv2%2Fcomments&post=2322"}],"version-history":[{"count":2,"href":"https:\/\/www.sindacatogeneralediclasse.it\/index.php?rest_route=\/wp\/v2\/posts\/2322\/revisions"}],"predecessor-version":[{"id":2325,"href":"https:\/\/www.sindacatogeneralediclasse.it\/index.php?rest_route=\/wp\/v2\/posts\/2322\/revisions\/2325"}],"wp:featuredmedia":[{"embeddable":true,"href":"https:\/\/www.sindacatogeneralediclasse.it\/index.php?rest_route=\/wp\/v2\/media\/2323"}],"wp:attachment":[{"href":"https:\/\/www.sindacatogeneralediclasse.it\/index.php?rest_route=%2Fwp%2Fv2%2Fmedia&parent=2322"}],"wp:term":[{"taxonomy":"category","embeddable":true,"href":"https:\/\/www.sindacatogeneralediclasse.it\/index.php?rest_route=%2Fwp%2Fv2%2Fcategories&post=2322"},{"taxonomy":"post_tag","embeddable":true,"href":"https:\/\/www.sindacatogeneralediclasse.it\/index.php?rest_route=%2Fwp%2Fv2%2Ftags&post=2322"}],"curies":[{"name":"wp","href":"https:\/\/api.w.org\/{rel}","templated":true}]}}