{"id":2355,"date":"2024-03-01T12:20:51","date_gmt":"2024-03-01T12:20:51","guid":{"rendered":"https:\/\/www.sindacatogeneralediclasse.it\/?p=2355"},"modified":"2024-03-01T12:26:13","modified_gmt":"2024-03-01T12:26:13","slug":"la-potenza-della-lotta-di-classe","status":"publish","type":"post","link":"https:\/\/www.sindacatogeneralediclasse.it\/?p=2355","title":{"rendered":"La potenza della Lotta di Classe"},"content":{"rendered":"\n<p class=\"wp-block-paragraph\"><strong>La lotta alla NATO \u00e8 legata a una visione rivoluzionaria del mondo, alla fiducia nella forza della lotta di classe<\/strong><\/p>\n\n\n\n<p class=\"wp-block-paragraph\">In questo momento in Palestina, nella Striscia di Gaza, si sta commettendo un altro crimine.<\/p>\n\n\n\n<p class=\"wp-block-paragraph\">&nbsp;Lo Stato di Israele e il governo di estrema destra di Netanyahu, sotto forma di governo di &#8220;unit\u00e0 nazionale&#8221;, sta continuando i massacri degli anni precedenti, colpendo con la sua macchina militare la popolazione, i civili e i bambini, con migliaia di morti.<\/p>\n\n\n\n<p class=\"wp-block-paragraph\">Sta imponendo un blocco totale, privando gli abitanti di acqua, cibo, medicine, forniture mediche ed elettricit\u00e0, preparando un&#8217;invasione di terra e un genocidio.<\/p>\n\n\n\n<p class=\"wp-block-paragraph\"><strong>Ora! Bisogna condannare la barbarie delle forze di occupazione ed esprimere in massa la solidariet\u00e0 popolare con il popolo sofferente della Palestina.<\/strong><\/p>\n\n\n\n<p class=\"wp-block-paragraph\">La classe operaia, gli strati popolari, i giovani e le giovani, possono aprire la strada alla verit\u00e0 sulle miriadi di menzogne e falsit\u00e0 deliberatamente utilizzate per sostenere l&#8217;occupazione israeliana.<\/p>\n\n\n\n<p class=\"wp-block-paragraph\"><strong>Una ignobile macchina di propaganda, con la partecipazione degli Stati Uniti, dell&#8217;Unione Europea, dei governi e degli Stati del &#8220;civile Occidente&#8221;, come dicono loro, sta cercando di scagionare la barbarie dello Stato israeliano, di incriminare la resistenza del popolo palestinese e la solidariet\u00e0 popolare espressa nella sua lotta.&nbsp;<\/strong><\/p>\n\n\n\n<p class=\"wp-block-paragraph\"><strong>In queste condizioni stiamo lottando con determinazione per rompere le tenebre della disinformazione, per diffondere le posizioni della LMO e per portare pi\u00f9 forze popolari a unirsi alla sua lotta.<\/strong><strong><br>La SGC \u00e8 chiaramente, con responsabilit\u00e0 e sulla base della lotta comune dei popoli, dalla parte dei palestinesi e lotta per la fine dell&#8217;occupazione israeliana, per uno Stato palestinese indipendente, unito e vitale, accanto a Israele, nei confini del 1967, con Gerusalemme Est come capitale, per il ritorno dei rifugiati e per la liberazione dei prigionieri politici dalle carceri israeliane.<br><br><\/strong>Solo attraverso la forza del popolo \u00e8 possibile smascherare, attraverso la lotta, le rivendicazioni e i pretesti privi di fondamento euro-atlantici, del governo Meloni, dei partiti presenti in parlamento, che, fin dall&#8217;inizio di questa nuova fase della guerra e dell&#8217;operazione palestinese nel sud di Israele, si sono allineate alle direttive degli Stati Uniti, della NATO e dell&#8217;UE, schierandosi fanaticamente con le forze di occupazione.<\/p>\n\n\n\n<p class=\"wp-block-paragraph\">A maggior ragione quando il governo, con l&#8217;appoggio degli altri partiti, sta coinvolgendo il Paese e si sta arruolando nella pianificazione USA-NATO, mettendo a disposizione navi da guerra le due fregate Margottini e Fasan al largo di Gaza e del Libano, di scorta alla portaerei statunitense arrivate per sostenere l&#8217;attacco dello Stato israeliano ai palestinesi e i piani aggressivi degli Stati Uniti nella regione, nel mediterraneo.<\/p>\n\n\n\n<p class=\"wp-block-paragraph\">Mentre nel Mar Rosso, la fregata \u201cMartinengo\u201d, e il cacciatorpediniere della Marina Militare \u201cCaio Duilio\u201d.<\/p>\n\n\n\n<p class=\"wp-block-paragraph\">\u201c<em>Oramai l\u2019Italia \u00e8 in guerra su pi\u00f9 fronti, schierandosi con i governi nazisti Ucraini e i fascisti Israeliani violando ancora una volta la nostra costituzione antifascista, e poi ci scandalizziamo se i servitori del potere costituito manganellano chi si oppone, massacrano donne e bambini figuriamoci se si fanno scrupoli a manganellare qualche studente<\/em>\u201d.<\/p>\n\n\n\n<p class=\"wp-block-paragraph\">Tutti i governi hanno la responsabilit\u00e0 di aver rafforzato le relazioni economiche, politiche e militari con lo Stato di Israele, di promuovere piani energetici euro-atlantici e di sostenerlo come partner strategico. Mentre, attuando le indicazioni delle ambasciate israeliana e americana, i vari governi hanno ignorato la risoluzione del Parlamento Europeo del <a href=\"https:\/\/rivista.eurojus.it\/la-risoluzione-del-parlamento-europeo-sul-riconoscimento-della-palestina\/\">16 dicembre 2014<\/a> sul riconoscimento dello Stato di Palestina che sostiene in principio il riconoscimento di tale Stato e la soluzione di due Stati, e si sono irrimediabilmente smascherati.<\/p>\n\n\n\n<p class=\"wp-block-paragraph\"><strong>I partiti borghesi, insieme ai media e ai noti &#8220;esperti&#8221; che sfilano quotidianamente dagli studi della disinformazione, cercano di cancellare la storia e di cancellare la parola &#8220;occupazione&#8221; dal vocabolario, tentando provocatoriamente di identificare la resistenza del popolo palestinese con il terrorismo.<\/strong><\/p>\n\n\n\n<p class=\"wp-block-paragraph\"><strong>Ogni sorta di ipocriti asserviti alla legge imperialista, alla legge del pi\u00f9 forte e agli interessi del capitalismo che servono, non hanno detto una sola volta che i territori palestinesi sono occupati dallo Stato di Israele, tentando persino di legittimare i risultati a lungo termine degli interventi militari israeliani e della Guerra dei Sei Giorni del 1967, che anche l&#8217;ONU definisce illegale.<\/strong><\/p>\n\n\n\n<p class=\"wp-block-paragraph\">L&#8217;occupazione \u00e8 stata imposta dal 1947-1948, quando la terra palestinese \u00e8 stata divisa e lo Stato di Israele \u00e8 stato fondato, ed \u00e8 perpetuata fino ad oggi, con il sostegno degli Stati Uniti, della NATO e dell&#8217;UE, nella costante e crescente competizione imperialista per il controllo della regione.<\/p>\n\n\n\n<p class=\"wp-block-paragraph\"><strong>Centinaia di migliaia di palestinesi sono stati espulsi dalle loro terre.<\/strong><\/p>\n\n\n\n<p class=\"wp-block-paragraph\">Un vero e proprio sradicamento, un accaparramento pianificato di terre e uno spostamento di popolazione. Israele ha preso il controllo di 774 citt\u00e0 e villaggi palestinesi, di cui 531 sono stati completamente distrutti e il resto \u00e8 passato allo Stato occupante.<\/p>\n\n\n\n<p class=\"wp-block-paragraph\"><strong>Questi falsi difensori della democrazia NASCONDONO che pi\u00f9 di centomila (100.000!) palestinesi sono stati uccisi dalle forze militari e paramilitari israeliane.<\/strong><\/p>\n\n\n\n<p class=\"wp-block-paragraph\">La brutalit\u00e0 dell&#8217;occupazione israeliana ha portato a grandi ondate di rifugiati.<\/p>\n\n\n\n<p class=\"wp-block-paragraph\">I dati delle Nazioni Unite mostrano che&nbsp;<strong>il numero di rifugiati palestinesi registrati a gennaio 2020 era di circa 6,3 milioni<\/strong>. Questo numero non comprende le&nbsp;<strong>migliaia di rifugiati non registrati<\/strong>.<\/p>\n\n\n\n<p class=\"wp-block-paragraph\">Ogni anno migliaia di rifugiati sono costretti ad emigrare per un destino migliore. <strong>NASCONDONO<\/strong>&nbsp;che il numero di&nbsp;<strong>prigionieri politici<\/strong>&nbsp;nelle carceri israeliane \u00e8 stimato in&nbsp;<strong>oltre 5.000<\/strong>, tra cui&nbsp;<strong>bambini, donne, anziani, malati cronici<\/strong>&nbsp;e altri&nbsp;<strong>1.200 &#8220;detenuti amministrativi&#8221; che sono imprigionati senza processo<\/strong>.<br>Dall&#8217;inizio del 2023, le forze di occupazione israeliane hanno arrestato pi\u00f9 di 5.000 palestinesi, compresi&nbsp;<strong>bambini e donne<\/strong>.<\/p>\n\n\n\n<p class=\"wp-block-paragraph\">Gli apologeti dell&#8217;occupazione israeliana&nbsp;<\/p>\n\n\n\n<ul class=\"wp-block-list\">\n<li><strong>NASCONDONO<\/strong>&nbsp;che anno dopo anno i territori palestinesi si riducono. Che&nbsp;<strong>la Cisgiordania, controllata al 60% dalle forze di occupazione<\/strong>, sia circondata dal&nbsp;<strong>&#8220;muro della vergogna&#8221;<\/strong>&nbsp;e che ogni citt\u00e0, quartiere e villaggio sia controllato da&nbsp;<strong>&#8220;zone di sicurezza&#8221; e centinaia di posti di blocco<\/strong>, dove i soldati israeliani con le armi spianate rendono invivibile la vita dei palestinesi, arrestando, picchiando, uccidendo, a seconda del loro umore, come hanno ucciso decine di bambini che,&nbsp;armati di fionda, si opponevano agli occupanti.<\/li>\n\n\n\n<li><strong>NASCONDONO&nbsp;<\/strong>che&nbsp;<strong>gli insediamenti<\/strong>&nbsp;(regime razzista di apartheid),&nbsp;<strong>strumenti di occupazione e di oppressione del popolo<\/strong>, sono stati e vengono costruiti nei territori palestinesi. Circa il 40% della Cisgiordania \u00e8 nelle mani dei coloni, che si sono moltiplicati di sette volte dalla firma degli Accordi di Oslo nel 1993 ad oggi, passando da 115.000 a 750.000.<\/li>\n\n\n\n<li><strong>NASCONDONO&nbsp;<\/strong>che&nbsp;<strong>la Striscia di Gaza \u00e8 chiusa dal 2007<\/strong>&nbsp;e che la popolazione sta soffrendo. Solo nel periodo 2008-2022, \u00e8 stata sottoposta a 93 giorni di micidiali bombardamenti israeliani con risultati tragici, 4.240 morti e 22.902 feriti, secondo i dati ufficiali.<\/li>\n<\/ul>\n\n\n\n<p class=\"wp-block-paragraph\"><strong>Il titolo &#8220;il Medio Oriente \u00e8 in fiamme&#8221; \u00e8 stato usato innumerevoli volte. La guerra non \u00e8 iniziata ora, \u00e8 in corso da decenni, ha attraversato varie fasi e finch\u00e9 l&#8217;occupazione rimarr\u00e0, la coesistenza pacifica dei popoli sar\u00e0 messa a dura prova, si creeranno le condizioni per l&#8217;incremento e l&#8217;espansione dei conflitti militari nel quadro delle intense rivalit\u00e0 imperialiste e dei piani USA-Israele per promuovere i propri interessi nella regione, con i popoli palestinese, israeliano e altri come vittime.<\/strong><strong><\/strong><\/p>\n\n\n\n<p class=\"wp-block-paragraph\"><strong>Finch\u00e9 l&#8217;occupazione rimarr\u00e0, continuer\u00e0 la resistenza palestinese, che \u00e8 continua e multiforme sia nella Striscia di Gaza che in Cisgiordania, con molti periodi emblematici in cui la resistenza quotidiana all&#8217;occupante \u00e8 degenerata in rivolta.&nbsp;<\/strong><strong><\/strong><\/p>\n\n\n\n<p class=\"wp-block-paragraph\"><strong>Questo \u00e8 accaduto nella prima intifada del 1987, a cui l&#8217;esercito israeliano ha risposto con uccisioni, incarcerazioni e persecuzioni di massa, demolizioni di case, e che \u00e8 durata fino alla vigilia dei &#8220;colloqui di pace&#8221; per la firma dell&#8217;Accordo di Oslo nel 1993. <\/strong><strong><\/strong><\/p>\n\n\n\n<p class=\"wp-block-paragraph\"><strong>Cos\u00ec \u00e8 stato anche nella seconda intifada, nel 2000, durata cinque anni.<\/strong><strong><br>L&#8217;eroica lotta del popolo palestinese d\u00e0 una risposta ai suoi avversari. <\/strong><strong><\/strong><\/p>\n\n\n\n<p class=\"wp-block-paragraph\"><strong>La macchina propagandistica degli Stati Uniti, della NATO, dell&#8217;Unione Europea e di Israele, seguita da vicino dai partiti servi, continua a rigurgitare che lo Stato israeliano ha il diritto di &#8220;autodifesa&#8221; e che pu\u00f2 usare ogni mezzo barbaro per mantenere l&#8217;occupazione. <\/strong><strong><\/strong><\/p>\n\n\n\n<p class=\"wp-block-paragraph\"><strong>Dicono anche che l&#8217;Ucraina, che sostengono nella guerra della NATO contro la Russia, ha il diritto all'&#8221;autodifesa&#8221; mentre il popolo palestinese, che soffre, sanguina e viene imprigionato dallo Stato occupante, non ha il diritto all&#8217;autodifesa&#8221;.<\/strong><strong><br>Questa oscena propaganda non convince il nostro popolo ed \u00e8 per questo che si scatena ogni minuto, con messe in scena televisive e pubblicazioni mirate sui media che escludono la posizione palestinese, organizzando un&#8217;orgia di bugie, fake news di propaganda bellica presentate come fatti e il giorno dopo smentite, ritirate.<\/strong><strong><\/strong><\/p>\n\n\n\n<p class=\"wp-block-paragraph\"><strong>Il popolo palestinese ha il diritto inalienabile e il dovere storico di rivendicare i propri diritti e di lottare per vivere in una patria libera, senza occupazione e truppe di occupazione, padrone della propria terra, creando le condizioni per la sua totale liberazione dallo sfruttamento capitalista, come ogni popolo.<\/strong><strong><\/strong><\/p>\n\n\n\n<p class=\"wp-block-paragraph\"><strong>I dirigenti della falsa sinistra<\/strong>, affogati nelle acque della degenerazione socialdemocratica, cercano pretesti o tentano di governare, su false e ambigue posizioni, la protesta popolare di massa causata dallo spregevole sostegno alle forze di occupazione. Sostengono che la lotta nella Striscia di Gaza \u00e8 una lotta di Hamas, non del popolo palestinese, e che l&#8217;operazione al confine con Israele \u00e8 &#8220;terroristica&#8221;. Si pu\u00f2 avere qualsiasi opinione sul carattere e sulle posizioni di Hamas, ma dietro il bersaglio deliberato c&#8217;\u00e8 un tentativo di diffamare la lotta palestinese, ed \u00e8 ben noto che i mezzi violenti, il terrorismo usato dalle forze di occupazione provocano ritorsioni.<\/p>\n\n\n\n<p class=\"wp-block-paragraph\">Hamas come organizzazione politico-religiosa e islamica \u00e8 venuta alla ribalta dopo il 2000 e soprattutto dopo il 2007, quando \u00e8 emersa come forza leader nelle elezioni della Striscia di Gaza in mezzo ai conflitti intra-palestinesi, e coloro che oggi cercano di nascondersi dietro di essa per sostenere l&#8217;occupazione israeliana non possono giustificare i continui crimini israeliani.<\/p>\n\n\n\n<p class=\"wp-block-paragraph\">Stanno evitando come la peste di prendere posizione sulla dichiarazione dello Stato palestinese, che sottolinea che \u00e8 diritto del popolo palestinese difendersi dal terrore dei coloni e delle forze di occupazione.<br>Nel corso di questi decenni,&nbsp;<strong>sono state approvate molte risoluzioni all&#8217;ONU<\/strong>, che lo Stato israeliano, con l&#8217;appoggio degli americani e dell&#8217;UE, ha violato e ha affermato in modo provocatorio che &#8220;la soluzione dei due Stati \u00e8 una finzione&#8221;, al fine di giustificare il suo obiettivo di uno Stato israeliano &#8220;dall&#8217;Eufrate al Nilo&#8221;.<\/p>\n\n\n\n<p class=\"wp-block-paragraph\">Molte mosse sono state fatte su iniziativa degli Stati Uniti in nome della pace con la pistola puntata alla testa del popolo palestinese.<\/p>\n\n\n\n<p class=\"wp-block-paragraph\">Sono state coltivate speranze e false aspettative, come con l&#8217;accordo di Oslo del 1993, che ha ulteriormente frammentato i territori palestinesi ed \u00e8 stato utilizzato da Israele per occupare nuovi territori e creare insediamenti.<\/p>\n\n\n\n<p class=\"wp-block-paragraph\">Lo stesso vale, ad esempio, per i colloqui di&nbsp;<strong>Camp David<\/strong>&nbsp;del 2000 e di&nbsp;<strong>Annapolis<\/strong>&nbsp;del 2007, a cui \u00e8 seguito il piano statunitense per il&nbsp;<strong>&#8220;nuovo Medio Oriente&#8221;<\/strong>.<\/p>\n\n\n\n<p class=\"wp-block-paragraph\">Mentre l&#8217;<strong>&#8220;Accordo del Secolo&#8221;<\/strong>&nbsp;sotto la presidenza Trump ha cercato di mettere una pietra tombale su qualsiasi diritto internazionalmente riconosciuto del popolo palestinese e di promuovere la cooperazione della borghesia israeliana con la borghesia degli Stati arabi, aprendo la strada agli &#8220;Accordi di Abramo&#8221; tra lo Stato israeliano, gli Emirati Arabi Uniti, il Bahrein, il Marocco, ecc. con l&#8217;obiettivo di includere l&#8217;Arabia Saudita.<\/p>\n\n\n\n<p class=\"wp-block-paragraph\"><strong>Questi accordi mirano a rafforzare la posizione di Israele come tradizionale sostegno degli Stati Uniti nella regione e sono legati a piani pi\u00f9 ampi nel confronto con la Cina, nella battaglia per le quote di mercato in Medio Oriente e in Europa, come la &#8220;Via dell&#8217;India (IMEEC)&#8221; in concorrenza con la &#8220;Via della Seta&#8221; cinese.<\/strong><\/p>\n\n\n\n<p class=\"wp-block-paragraph\">Allo stesso tempo, questo processo ha provocato la giustificata reazione dei popoli arabi, che ritengono che gli interessi del popolo palestinese siano sacrificati in questo contesto, e sembra che l&#8217;attacco di Israele alla Striscia di Gaza stia sospendendo il riavvicinamento arabo-israeliano.<br>Gli sviluppi della questione palestinese, come di quella cipriota, insegnano ai popoli a non riporre fiducia ai vari &#8220;garanti&#8221; e &#8220;protettori&#8221; imperialisti, a credere nelle proprie forze e a sviluppare una lotta indipendente basata sui propri interessi.<\/p>\n\n\n\n<p class=\"wp-block-paragraph\"><strong>La situazione \u00e8 critica. In qualsiasi momento le operazioni militari potrebbero essere ampliate. Le forze israeliane stanno gi\u00e0 ingaggiando scontri con Hezbollah, che ha sede in Libano.<\/strong><\/p>\n\n\n\n<p class=\"wp-block-paragraph\"><strong>La tensione nelle relazioni iraniane e siriane con Israele si sta acuendo, l&#8217;esercito israeliano, ha preso di mira la citt\u00e0 siriana, ha colpito nuovamente gli aeroporti di Damasco e Aleppoh.<\/strong><\/p>\n\n\n\n<p class=\"wp-block-paragraph\"><strong>La flotta americana sta pattugliando il Medio Oriente con le sue forze pronte alla guerra, in condizioni in cui il groviglio di antagonismi si sta complicando e la guerra imperialista in Ucraina si sta intensificando.<\/strong><\/p>\n\n\n\n<p class=\"wp-block-paragraph\"><strong>L&#8217;attacco di Israele e gli sviluppi che mettono i palestinesi nel mezzo di crescenti rivalit\u00e0 geopolitiche, sottolineano la necessit\u00e0 di rafforzare la lotta per porre fine all&#8217;occupazione.<\/strong><strong><br>Di fronte alle forze che invitano il popolo ad allinearsi con lo Stato israeliano occupante e a coinvolgere ancora di pi\u00f9 il Paese in disegni che puzzano di polvere da sparo, di fronte ai vari sostenitori delle &#8220;pari distanze&#8221; tra vittima e carnefice, ora \u00e8 urgente rafforzare la solidariet\u00e0 con il popolo palestinese, sostenere la sua lotta per una patria libera, fermare il massacro israeliano e sostenere la lotta contro la guerra in tutta la regione.<\/strong><strong><\/strong><\/p>\n\n\n\n<p class=\"wp-block-paragraph\"><strong>E questo solo un ampio movimento di massa popolare pu\u00f2 farlo\u2026.<\/strong><br><br><\/p>\n\n\n\n<div data-wp-interactive=\"core\/file\" class=\"wp-block-file\"><object data-wp-bind--hidden=\"!state.hasPdfPreview\" hidden class=\"wp-block-file__embed\" data=\"https:\/\/www.sindacatogeneralediclasse.it\/wp-content\/uploads\/2024\/03\/2024-03-La_potenza_della_Lotta_di_Classe.pdf\" type=\"application\/pdf\" style=\"width:100%;height:1180px\" aria-label=\"Incorporamento di 2024-03-La_potenza_della_Lotta_di_Classe.\"><\/object><a id=\"wp-block-file--media-3d107e03-19fa-43bc-96b4-f78ef071f0f2\" href=\"https:\/\/www.sindacatogeneralediclasse.it\/wp-content\/uploads\/2024\/03\/2024-03-La_potenza_della_Lotta_di_Classe.pdf\">2024-03-La_potenza_della_Lotta_di_Classe<\/a><a href=\"https:\/\/www.sindacatogeneralediclasse.it\/wp-content\/uploads\/2024\/03\/2024-03-La_potenza_della_Lotta_di_Classe.pdf\" class=\"wp-block-file__button wp-element-button\" download aria-describedby=\"wp-block-file--media-3d107e03-19fa-43bc-96b4-f78ef071f0f2\">Download<\/a><\/div>\n","protected":false},"excerpt":{"rendered":"<p>La lotta alla NATO \u00e8 legata a una visione rivoluzionaria del mondo, alla fiducia nella forza della lotta di classe In questo momento in Palestina, nella Striscia di Gaza, si sta commettendo un altro crimine. &nbsp;Lo Stato di Israele e il governo di estrema destra di Netanyahu, sotto forma di governo di &#8220;unit\u00e0 nazionale&#8221;, sta [&hellip;]<\/p>\n","protected":false},"author":1,"featured_media":2356,"comment_status":"open","ping_status":"open","sticky":false,"template":"","format":"standard","meta":{"footnotes":""},"categories":[14,26],"tags":[],"class_list":["post-2355","post","type-post","status-publish","format-standard","has-post-thumbnail","hentry","category-documenti","category-politica-estera"],"_links":{"self":[{"href":"https:\/\/www.sindacatogeneralediclasse.it\/index.php?rest_route=\/wp\/v2\/posts\/2355","targetHints":{"allow":["GET"]}}],"collection":[{"href":"https:\/\/www.sindacatogeneralediclasse.it\/index.php?rest_route=\/wp\/v2\/posts"}],"about":[{"href":"https:\/\/www.sindacatogeneralediclasse.it\/index.php?rest_route=\/wp\/v2\/types\/post"}],"author":[{"embeddable":true,"href":"https:\/\/www.sindacatogeneralediclasse.it\/index.php?rest_route=\/wp\/v2\/users\/1"}],"replies":[{"embeddable":true,"href":"https:\/\/www.sindacatogeneralediclasse.it\/index.php?rest_route=%2Fwp%2Fv2%2Fcomments&post=2355"}],"version-history":[{"count":2,"href":"https:\/\/www.sindacatogeneralediclasse.it\/index.php?rest_route=\/wp\/v2\/posts\/2355\/revisions"}],"predecessor-version":[{"id":2360,"href":"https:\/\/www.sindacatogeneralediclasse.it\/index.php?rest_route=\/wp\/v2\/posts\/2355\/revisions\/2360"}],"wp:featuredmedia":[{"embeddable":true,"href":"https:\/\/www.sindacatogeneralediclasse.it\/index.php?rest_route=\/wp\/v2\/media\/2356"}],"wp:attachment":[{"href":"https:\/\/www.sindacatogeneralediclasse.it\/index.php?rest_route=%2Fwp%2Fv2%2Fmedia&parent=2355"}],"wp:term":[{"taxonomy":"category","embeddable":true,"href":"https:\/\/www.sindacatogeneralediclasse.it\/index.php?rest_route=%2Fwp%2Fv2%2Fcategories&post=2355"},{"taxonomy":"post_tag","embeddable":true,"href":"https:\/\/www.sindacatogeneralediclasse.it\/index.php?rest_route=%2Fwp%2Fv2%2Ftags&post=2355"}],"curies":[{"name":"wp","href":"https:\/\/api.w.org\/{rel}","templated":true}]}}